{"version":"1.2.0","chapters":[{"startTime":6.29000000000000003552713678800500929355621337890625,"title":"Anfang und Inhaltswarnung: Politik"},{"startTime":558.56899999999995998223312199115753173828125,"title":"Warum ich bei den Gr\u00fcnen bin, und Bundespolitik"},{"startTime":1624.44599999999991268850862979888916015625,"title":"Kommunalpolitik: unsere Kandidat:innen f\u00fcr Kakenstorf"},{"startTime":1857.961000000000012732925824820995330810546875,"title":"Wahlprogramm der Gr\u00fcnen f\u00fcr Kakenstorf"},{"startTime":2613.492000000000189174897968769073486328125,"title":"Gr\u00fcne und 5G"},{"startTime":2963.41199999999980718712322413921356201171875,"title":"Klimanotstand"},{"startTime":3539.4329999999999927240423858165740966796875,"title":"Rilke der Woche"},{"startTime":3686.30099999999993087840266525745391845703125,"title":"Goethe: Italienische Reise"}]}